{"id":635,"date":"2022-12-14T10:49:58","date_gmt":"2022-12-14T13:49:58","guid":{"rendered":"http:\/\/www.irrigacion.gov.ar\/archivo_historico\/?p=635"},"modified":"2023-12-07T11:39:16","modified_gmt":"2023-12-07T14:39:16","slug":"cesar-cipolletti","status":"publish","type":"post","link":"https:\/\/www.irrigacion.gov.ar\/archivo_historico\/2022\/12\/14\/cesar-cipolletti\/","title":{"rendered":"Cipolletti biograf\u00eda"},"content":{"rendered":"\n<h1 class=\"has-text-align-center\">Ing. C\u00e9sar Cipolletti<\/h1>\n\n\n\n<h2 class=\"has-text-align-center\">1843 &#8211; 1908<\/h2>\n\n\n\n<p class=\"has-normal-font-size\"><br>C\u00e9sar Cipolletti naci\u00f3 en Italia el 11 de noviembre de 1843. Primero se gradu\u00f3 como agrimensor y luego como ingeniero hidr\u00e1ulico. En su pa\u00eds y en varios pa\u00edses de Europa realiz\u00f3 obras que le valieron el reconocimiento internacional.<br><br>Ese prestigio como uno de los grandes ingenieros hidr\u00e1ulicos de la \u00e9poca fue el que llev\u00f3 a Guillermo Villanueva a contactarlo. El gobernador Tiburcio Benegas le hab\u00eda pedido a Villanueva que contrate a un ingeniero hidr\u00e1ulico para solucionar los problemas de riego que exist\u00edan en Mendoza. Se firma contrato en Par\u00eds y es as\u00ed como C\u00e9sar Cipolletti, en 1889, se establece en la provincia.<\/p>\n\n\n\n<div class=\"wp-block-image\"><figure class=\"aligncenter size-full\"><img loading=\"lazy\" width=\"307\" height=\"448\" src=\"http:\/\/www.irrigacion.gov.ar\/archivo_historico\/wp-content\/uploads\/2022\/12\/contrato-Cipo-comprimido.jpeg\" alt=\"\" class=\"wp-image-760\" srcset=\"https:\/\/www.irrigacion.gov.ar\/archivo_historico\/wp-content\/uploads\/2022\/12\/contrato-Cipo-comprimido.jpeg 307w, https:\/\/www.irrigacion.gov.ar\/archivo_historico\/wp-content\/uploads\/2022\/12\/contrato-Cipo-comprimido-206x300.jpeg 206w\" sizes=\"(max-width: 307px) 100vw, 307px\" \/><figcaption>Una de las p\u00e1ginas del acuerdo celebrado en Par\u00eds por el cual se contrata a C\u00e9sar Cipolletti<\/figcaption><\/figure><\/div>\n\n\n\n<p class=\"has-normal-font-size\">Proyect\u00f3 y supervis\u00f3 la construcci\u00f3n de obras para sistematizar la conducci\u00f3n y mejor aprovechamiento del agua. Con escasos recursos y poco tiempo logr\u00f3 concretar ideas que pusieron en funcionamiento los primeros diques derivadores sobre los r\u00edos Mendoza y Tunuy\u00e1n. Puso tambi\u00e9n el acento en la construcci\u00f3n de canales y desag\u00fces para el oasis Norte, realizando grandes esfuerzos para lograr que el agua llegara de manera constante hasta el departamento de La Paz.<\/p>\n\n\n\n<div class=\"wp-block-image\"><figure class=\"aligncenter size-large\"><img loading=\"lazy\" width=\"1024\" height=\"741\" src=\"http:\/\/www.irrigacion.gov.ar\/archivo_historico\/wp-content\/uploads\/2023\/12\/Cipolletti-bio.jpg\" alt=\"\" class=\"wp-image-863\" srcset=\"https:\/\/www.irrigacion.gov.ar\/archivo_historico\/wp-content\/uploads\/2023\/12\/Cipolletti-bio.jpg 1024w, https:\/\/www.irrigacion.gov.ar\/archivo_historico\/wp-content\/uploads\/2023\/12\/Cipolletti-bio-300x217.jpg 300w, https:\/\/www.irrigacion.gov.ar\/archivo_historico\/wp-content\/uploads\/2023\/12\/Cipolletti-bio-768x556.jpg 768w\" sizes=\"(max-width: 1024px) 100vw, 1024px\" \/><figcaption>C\u00e9sar Cipolletti junto a un grupo de obreros en la construcci\u00f3n del dique derivador sobre el r\u00edo Tunuy\u00e1n, actual dique Tiburcio Benegas<\/figcaption><\/figure><\/div>\n\n\n\n<p>Seg\u00fan consta en publicaciones de la \u00e9poca pose\u00eda una mirada amplia en la gesti\u00f3n de los recursos h\u00eddricos pues sumaba a la hidr\u00e1ulica aspectos agron\u00f3micos, legales y econ\u00f3micos.<\/p>\n\n\n\n<p>Insisti\u00f3, entre otros temas, en la necesidad de estudiar el comportamiento de los r\u00edos y los cauces por los que bajaban las aguas de las tormentas de verano que destru\u00edan tomas\u00a0 e inutilizaban canales. Tambi\u00e9n remarc\u00f3 la necesidad de medir el agua y revisar algunos puntos de la Ley de Aguas, ya que el otorgar derechos por hect\u00e1rea no garantizaba que se usara en forma eficiente. Como sanitarista proyect\u00f3 la instalaci\u00f3n de ca\u00f1er\u00edas para la dotaci\u00f3n de agua potable a la Ciudad de Mendoza.<\/p>\n\n\n\n<div class=\"wp-block-file\"><a href=\"blob:http:\/\/www.irrigacion.gov.ar\/e27914c8-0e75-4933-aba7-49472d021093\">Informe de C\u00e9sar Cipolletti publicado en Diario Los Andes, el 15 de noviembre de 1889<\/a><a href=\"blob:http:\/\/www.irrigacion.gov.ar\/e27914c8-0e75-4933-aba7-49472d021093\" class=\"wp-block-file__button\" download>Descarga<\/a><\/div>\n\n\n\n<p>La obra que lleva su nombre, sobre el r\u00edo Mendoza fue ejecutada bajo su personal direcci\u00f3n y resisti\u00f3 m\u00e1s de medio siglo los embates de la naturaleza. Su legado fue vital para Mendoza pues inici\u00f3 el camino de la sistematizaci\u00f3n del regad\u00edo a trav\u00e9s de grandes obras que a\u00fan hoy son primordiales para el crecimiento productivo.<\/p>\n\n\n\n<p class=\"has-normal-font-size\">Las provincias de San Juan y San Luis lo convocan para construir obras de irrigaci\u00f3n. Tambi\u00e9n dirige en Tucum\u00e1n las obras que dotan de agua potable a la ciudad capital, adem\u00e1s construye diques y canales de riego.<br>En la d\u00e9cada siguiente, estudi\u00f3 la cuenca de los r\u00edos Limay, Neuqu\u00e9n y Negro, se\u00f1alando las medidas a tomar para aprovechar los recursos h\u00eddricos de la regi\u00f3n y paliar las fuertes crecidas. Merced a estos trabajos, la regi\u00f3n del Alto Valle vio prosperar la explotaci\u00f3n agr\u00edcola, gracias a un incremento de la superficie cultivable y la construcci\u00f3n del Dique Ballester, producto de sus investigaciones y proyectos.<\/p>\n\n\n\n<p>Regresa a su tierra natal y posteriormente, convocado por el presidente Figueroa Alcorta, se embarc\u00f3 de regreso a Argentina. Muere en altamar el 23 de enero de 1908. Sus restos descansan junto a los de su esposa, Ida Grossi, en la base del monumento levantado en Luj\u00e1n de Cuyo, Mendoza, junto al dique que lleva su nombre.<\/p>\n\n\n\n<p><strong>C\u00e9sar Cipolletti es considerado el padre de la irrigaci\u00f3n argentina<\/strong>.<\/p>\n","protected":false},"excerpt":{"rendered":"<p>Ing. C\u00e9sar Cipolletti 1843 &#8211; 1908 C\u00e9sar Cipolletti naci\u00f3 en Italia el 11 de noviembre de 1843. Primero se gradu\u00f3 como agrimensor y luego como ingeniero hidr\u00e1ulico. En su pa\u00eds y en varios pa\u00edses de Europa realiz\u00f3 obras que le valieron el reconocimiento internacional. Ese prestigio como uno de los grandes ingenieros hidr\u00e1ulicos de la<\/p>\n","protected":false},"author":1,"featured_media":636,"comment_status":"closed","ping_status":"closed","sticky":false,"template":"","format":"standard","meta":[],"categories":[1],"tags":[],"_links":{"self":[{"href":"https:\/\/www.irrigacion.gov.ar\/archivo_historico\/wp-json\/wp\/v2\/posts\/635"}],"collection":[{"href":"https:\/\/www.irrigacion.gov.ar\/archivo_historico\/wp-json\/wp\/v2\/posts"}],"about":[{"href":"https:\/\/www.irrigacion.gov.ar\/archivo_historico\/wp-json\/wp\/v2\/types\/post"}],"author":[{"embeddable":true,"href":"https:\/\/www.irrigacion.gov.ar\/archivo_historico\/wp-json\/wp\/v2\/users\/1"}],"replies":[{"embeddable":true,"href":"https:\/\/www.irrigacion.gov.ar\/archivo_historico\/wp-json\/wp\/v2\/comments?post=635"}],"version-history":[{"count":9,"href":"https:\/\/www.irrigacion.gov.ar\/archivo_historico\/wp-json\/wp\/v2\/posts\/635\/revisions"}],"predecessor-version":[{"id":864,"href":"https:\/\/www.irrigacion.gov.ar\/archivo_historico\/wp-json\/wp\/v2\/posts\/635\/revisions\/864"}],"wp:featuredmedia":[{"embeddable":true,"href":"https:\/\/www.irrigacion.gov.ar\/archivo_historico\/wp-json\/wp\/v2\/media\/636"}],"wp:attachment":[{"href":"https:\/\/www.irrigacion.gov.ar\/archivo_historico\/wp-json\/wp\/v2\/media?parent=635"}],"wp:term":[{"taxonomy":"category","embeddable":true,"href":"https:\/\/www.irrigacion.gov.ar\/archivo_historico\/wp-json\/wp\/v2\/categories?post=635"},{"taxonomy":"post_tag","embeddable":true,"href":"https:\/\/www.irrigacion.gov.ar\/archivo_historico\/wp-json\/wp\/v2\/tags?post=635"}],"curies":[{"name":"wp","href":"https:\/\/api.w.org\/{rel}","templated":true}]}}